{"id":2567,"date":"2026-04-21T16:41:11","date_gmt":"2026-04-21T14:41:11","guid":{"rendered":"https:\/\/educatudinero.com\/els-fills-dels-boomers-per-que-esforcar-se-ja-no-garanteix-progressar\/"},"modified":"2026-04-23T14:07:32","modified_gmt":"2026-04-23T12:07:32","slug":"els-fills-dels-boomers-per-que-esforcar-se-ja-no-garanteix-progressar","status":"publish","type":"post","link":"https:\/\/educatudinero.com\/ca\/els-fills-dels-boomers-per-que-esforcar-se-ja-no-garanteix-progressar\/","title":{"rendered":"Els fills dels boomers: per qu\u00e8 esfor\u00e7ar-se ja no garanteix progressar"},"content":{"rendered":"\n<p>30 anys. Aquesta \u00e9s l\u2019edat mitjana a la qual un jove s\u2019independitza avui a Espanya. Un r\u00e8cord hist\u00f2ric del qual ning\u00fa vol presumir. Per\u00f2 darrere d\u2019aquesta dada hi ha alguna cosa molt m\u00e9s gran que un simple retard a marxar de casa: la constataci\u00f3 que, per primera vegada en d\u00e8cades, els fills ja no viuen millor que els seus pares. Parlem amb la polit\u00f2loga <a href=\"https:\/\/www.linkedin.com\/in\/estefaniamolina\/\" target=\"_blank\" rel=\"noopener\">Estefan\u00eda Molina<\/a>, autora de <em><a href=\"https:\/\/www.planetadelibros.com\/libro-los-hijos-de-los-boomers\/442369\" target=\"_blank\" rel=\"noopener\">Los hijos de los boomers<\/a><\/em>, per entendre qu\u00e8 ha passat.    <\/p>\n\n<h2 class=\"wp-block-heading has-large-font-size\">De qui parlem quan parlem de boomers?<\/h2>\n\n<p>A Espanya el <em>baby boom<\/em> t\u00e9 una data molt concreta: els anys del desenvolupisme, entre els 60 i principis dels 70. \u00c9s aquella generaci\u00f3 que va cr\u00e9ixer juntament amb dos grans projectes col\u00b7lectius: la construcci\u00f3 de la democr\u00e0cia i el desenvolupament de l\u2019Estat del benestar.<br\/>Els seus fills, en canvi, s\u2019han trobat un escenari molt diferent: un Estat del benestar m\u00e9s debilitat, menys oportunitats laborals i una promesa que s\u2019ha trencat pel cam\u00ed. La promesa que, si t\u2019esfor\u00e7aves, podries progressar.<br\/>I aqu\u00ed \u00e9s on comencen els problemes.<br\/><br\/>  <\/p>\n\n<h2 class=\"wp-block-heading has-large-font-size\">L\u2019habitatge: el s\u00edmptoma m\u00e9s visible<\/h2>\n\n<p>Les xifres s\u00f3n forc\u00e0 eloq\u00fcents. El 1987, un jove necessitava <strong>3 anys de salari \u00edntegre<\/strong> per comprar el seu habitatge. Avui estem en <strong>11 anys de mitjana, i fins a 14 en les grans ciutats. <\/strong>\u00c9s a dir, m\u00e9s del triple d\u2019esfor\u00e7.<br\/>I aix\u00f2 sense comptar un altre detall important: els salaris dels joves, comparats amb el preu de l\u2019habitatge, s\u00f3n proporcionalment m\u00e9s baixos que els dels seus pares en aquella \u00e8poca. \u00c9s a dir, es combinen dos fen\u00f2mens alhora: l\u2019habitatge s\u2019ha encarit i el salari dona per menys.<br\/>El resultat \u00e9s que, avui, <strong>molts joves nom\u00e9s poden comprar pis gr\u00e0cies a l\u2019ajuda familiar<\/strong>. Les donacions en vida entre pares i fills, casualment per l\u2019import aproximat de l\u2019entrada d\u2019un pis, s\u2019estan disparant. Segons les dades que cita Molina, el 67% dels pares declara haver ajudat el darrer mes els seus fills amb factures, lloguer, compra o entrada del pis.<br\/>El que als anys 80 era l\u2019excepci\u00f3, avui \u00e9s la norma.      <\/p>\n\n<h2 class=\"wp-block-heading has-large-font-size\">Del lloguer ja ni en parlem<\/h2>\n\n<p>L\u2019any 2008, el salari mitj\u00e0 era aproximadament el doble d\u2019un lloguer tipus. \u00c9s a dir, alg\u00fa podia destinar un 50% del seu sou a viure sol. Avui, a moltes ciutats, <strong>el lloguer s\u2019emporta pr\u00e0cticament el salari complet<\/strong>.<br\/>Aix\u00f2 no \u00e9s un detall anecd\u00f2tic. \u00c9s un canvi estructural amb conseq\u00fc\u00e8ncies enormes:   <\/p>\n\n<ul class=\"wp-block-list\">\n<li>Retarda l\u2019emancipaci\u00f3 (6 milions de joves d\u2019entre 18 i 34 anys viuen amb els seus pares o reben ajuda d\u2019ells, segons Eurostat).<\/li>\n\n\n\n<li>Retarda la formaci\u00f3 de fam\u00edlies.<\/li>\n\n\n\n<li>Genera una nova desigualtat no per classe, sin\u00f3 per origen familiar: qui t\u00e9 pares amb patrimoni tira endavant; qui no, queda excl\u00f2s.<\/li>\n<\/ul>\n\n<h2 class=\"wp-block-heading has-large-font-size\">Per qu\u00e8 ha passat aix\u00f2?<\/h2>\n\n<p>Molina ho atribueix a una combinaci\u00f3 de factors<\/p>\n\n<ul class=\"wp-block-list\">\n<li><strong>Primer,<\/strong> <strong>la frenada econ\u00f2mica estructural<\/strong>. Entre 1985 i 2005, el PIB per c\u00e0pita espanyol va cr\u00e9ixer al voltant d\u2019un 69%. Entre 2005 i 2024, amb prou feines un 11%. L\u2019economia ja no bufa a favor, com va fer amb els boomers.   <\/li>\n\n\n\n<li><strong>Segon, una classe mitjana estancada<\/strong>. Segons dades de l\u2019OCDE, la classe mitjana espanyola fa dues o tres d\u00e8cades que no avan\u00e7a en termes reals. La inflaci\u00f3 recent, a m\u00e9s, l\u2019ha empobrit.  <\/li>\n\n\n\n<li><strong>Tercer, una democr\u00e0cia envellida<\/strong>. .   <\/li>\n<\/ul>\n\n<p>I aqu\u00ed Molina introdueix una dada clau: el <strong>d\u00e8ficit contributiu de las pensions contributives <\/strong>\u00e9s d\u2019uns 60.000 milions d\u2019euros. \u00c9s a dir, el que els treballadors actuals cotitzen no arriba per pagar les pensions actuals. Aquest forat es cobreix amb diners d\u2019altres partides i, sobretot, <strong>emetent deute que pagaran les generacions futures<\/strong>.  <\/p>\n\n<h2 class=\"wp-block-heading has-large-font-size\">S\u2019heredar\u00e0 l\u2019habitatge i ja est\u00e0?<\/h2>\n\n<p>Una de les respostes m\u00e9s repetides per la classe pol\u00edtica \u00e9s: \u201cNo us preocupeu, ja heretary\u00e9u\u201d. \u00c9s el que es coneix com <em>la gran transfer\u00e8ncia<\/em>.<br\/>Pero segonsEstefan\u00eda hi ha <strong>dos problemes<\/strong> amb aquest relat.<br\/>El <strong>primer<\/strong> es demogr\u00e0fic. Si l\u2019esperan\u00e7a de vida se situa entre els 80 i els 85 anys, els fills dels boomers heretaran, en molts casos, quan ja tinguin 55 o 60 anys. \u00c9s a dir, quan ja hagin viscut gaireb\u00e9 tota la seva vida econ\u00f2micament activa en condicions complicades.<br\/>El <strong>segon<\/strong> \u00e9s que no tothom heredar\u00e0 el mateix, ni tan sols tothom heredar\u00e0 alguna cosa. Molts grans estan recorrent a la <strong>hipoteca inversa<\/strong> o a la venda de la nua propietat per complementar les seves pensions o pagar les seves cures. I \u00e9s perfectament leg\u00edtim que ho facin: \u00e9s el seu patrimoni.<br\/>El resultat: la promesa de l\u2019her\u00e8ncia \u00e9s, per a molts, un altre miratge.     <\/p>\n\n<h2 class=\"wp-block-heading has-large-font-size\">El canvi cultural: hedonisme o realisme?<\/h2>\n\n<p>Un dels grans t\u00f2pics \u00e9s que els joves d\u2019avui no estalvien perqu\u00e8 es gasten els diners en cerveses, viatges i restaurants. Les dades no ho confirmen. Segons l\u2019INE, <strong>els joves van gastar en lleure el 2023 un 46% menys que fa 17 anys<\/strong>.<br\/>El que s\u00ed hi ha \u00e9s un canvi de mentalitat. Quan estalviar 20 \u20ac al mes no et permetr\u00e0 mai comprar una casa, la l\u00f2gica de l\u2019esfor\u00e7 diferit deixa de tenir sentit. Molina ho resumeix amb una frase molt gr\u00e0fica: <em>&#8220;El temps \u00e9s l&#8217;or de qui no t\u00e9 la plata<\/em>&#8220;.<br\/>Per aix\u00f2 molts joves prefereixen avui m\u00e9s temps lliure, m\u00e9s realitzaci\u00f3 personal o m\u00e9s equilibri, en lloc de fer hores extra que, al final de l\u2019any, tampoc els apropen a l\u2019objectiu cl\u00e0ssic de la vida adulta: independ\u00e8ncia, habitatge, fam\u00edlia.<br\/>No \u00e9s hedonisme. \u00c9s adaptaci\u00f3 a un entorn on la recompensa de l\u2019esfor\u00e7 s\u2019ha trencat.     <\/p>\n\n<h2 class=\"wp-block-heading has-large-font-size\">Qu\u00e8 podem aprendre des de les finances personals?<\/h2>\n\n<p>M\u00e9s enll\u00e0 del debat generacional i pol\u00edtic, que \u00e9s enorme, la conversa amb Molina deixa algunes idees molt \u00fatils per a qui avui intenta ordenar les seves finances:<\/p>\n\n<ol class=\"wp-block-list\">\n<li><strong>La cultura de l\u2019esfor\u00e7 segueix sent v\u00e0lida, per\u00f2 cal ajustar expectatives. <\/strong>Estalviar, evitar viure per sobre de les nostres possibilitats i construir un \u201ccoix\u00ed\u201d continuen sent pilars imprescindibles. El que ha canviat \u00e9s que la recompensa tarda m\u00e9s a arribar i que, per a molts, l\u2019habitatge com a meta cal replantejar-se: potser m\u00e9s tard, potser m\u00e9s petit, potser en una altra ciutat. <\/li>\n\n\n\n<li><strong>L\u2019educaci\u00f3 financera primerenca importa m\u00e9s que mai<\/strong>. Si els salaris no creixen al ritme que creix l\u2019habitatge, l\u2019\u00fanica variable que ens queda per ampliar marge \u00e9s ent\u00e8ndre b\u00e9 com funcionen els nostres diners. Saber invertir, saber en qu\u00e8 ens va el sou i saber quan un deute \u00e9s bo o dolent marca la difer\u00e8ncia a llarg termini.  <\/li>\n\n\n\n<li><strong>L\u2019estalvi no ho \u00e9s tot; tamb\u00e9 ho \u00e9s la llibertat<\/strong>. Per a Molina els diners s\u00f3n llibertat. No per ostentar, sin\u00f3 per poder triar. Triar una feina, un viatge, un projecte, un ritme de vida. Aquesta \u00e9s, probablement, la meta financera m\u00e9s realista i valuosa avui.    <\/li>\n\n\n\n<li><strong>Tenir converses honestes entre generacions<\/strong>. Part del conflicte actual ve de la incomunicaci\u00f3: pares que creuen que els seus fills no s\u2019esforcen prou, fills que creuen que els seus pares no entenen el context. Les dades ajuden a posar les coses al seu lloc i a dissenyar, en fam\u00edlia, estrat\u00e8gies per ajudar-se millor.  <\/li>\n<\/ol>\n\n<h2 class=\"wp-block-heading has-large-font-size\">Conclusi\u00f3<\/h2>\n\n<p>La generaci\u00f3 dels boomers no ho va tenir f\u00e0cil, per\u00f2 va nedar amb el vent a favor. Els seus fills neden contracorrent, i moltes de les regles del joc que van heretar ja no serveixen per avan\u00e7ar al mateix ritme.<br\/>No es tracta d\u2019enfrontar generacions. Es tracta d\u2019ent\u00e8ndre que, si els fills no prosperen, a la llarga el sistema sencer deixa de funcionar. I aix\u00f2 ens afecta a tots, tinguem 25 anys o 65.<br\/>\ud83c\udfa7 Escolta l&#8217;episodi complet amb Estefan\u00eda Molina a <strong><a href=\"https:\/\/open.spotify.com\/show\/1acLiilL2EXhEpXFfDAxQq?si=60793478cc304f95\" target=\"_blank\" rel=\"noopener\">Educa tu dinero<\/a><\/strong>, disponible a <a href=\"https:\/\/open.spotify.com\/episode\/5fJ7vgfSYxdHEwpx0k01BO?si=aed42c26e5944178\" target=\"_blank\" rel=\"noopener\">Spotify<\/a>, <a href=\"https:\/\/youtu.be\/78ZQCNTPgIM?si=J_0RyOD-fdZT_WAh\" target=\"_blank\" rel=\"noopener\">YouTube<\/a>, <a href=\"https:\/\/podcasts.apple.com\/es\/podcast\/82-lo-tuvieron-m%C3%A1s-f%C3%A1cil-los-boomers-estefan%C3%ADa-molina\/id1644673905?i=1000762328607\" target=\"_blank\" rel=\"noopener\">Apple Podcasts<\/a> i <a href=\"https:\/\/go.ivoox.com\/rf\/172199519\" target=\"_blank\" rel=\"noopener\">iVoox<\/a>.   <\/p>\n","protected":false},"excerpt":{"rendered":"<p>30 anys. Aquesta \u00e9s l\u2019edat mitjana a la qual un jove s\u2019independitza avui a Espanya. Un r\u00e8cord hist\u00f2ric del qual [&hellip;]<\/p>\n","protected":false},"author":142,"featured_media":2566,"comment_status":"closed","ping_status":"closed","sticky":false,"template":"","format":"standard","meta":{"_acf_changed":false,"content-type":"","inline_featured_image":false,"_uag_custom_page_level_css":"","site-sidebar-layout":"default","site-content-layout":"","ast-site-content-layout":"default","site-content-style":"default","site-sidebar-style":"default","ast-global-header-display":"","ast-banner-title-visibility":"","ast-main-header-display":"","ast-hfb-above-header-display":"","ast-hfb-below-header-display":"","ast-hfb-mobile-header-display":"","site-post-title":"","ast-breadcrumbs-content":"","ast-featured-img":"","footer-sml-layout":"","ast-disable-related-posts":"","theme-transparent-header-meta":"","adv-header-id-meta":"","stick-header-meta":"","header-above-stick-meta":"","header-main-stick-meta":"","header-below-stick-meta":"","astra-migrate-meta-layouts":"default","ast-page-background-enabled":"default","ast-page-background-meta":{"desktop":{"background-color":"var(--ast-global-color-5)","background-image":"","background-repeat":"repeat","background-position":"center center","background-size":"auto","background-attachment":"scroll","background-type":"","background-media":"","overlay-type":"","overlay-color":"","overlay-opacity":"","overlay-gradient":""},"tablet":{"background-color":"","background-image":"","background-repeat":"repeat","background-position":"center center","background-size":"auto","background-attachment":"scroll","background-type":"","background-media":"","overlay-type":"","overlay-color":"","overlay-opacity":"","overlay-gradient":""},"mobile":{"background-color":"","background-image":"","background-repeat":"repeat","background-position":"center center","background-size":"auto","background-attachment":"scroll","background-type":"","background-media":"","overlay-type":"","overlay-color":"","overlay-opacity":"","overlay-gradient":""}},"ast-content-background-meta":{"desktop":{"background-color":"var(--ast-global-color-4)","background-image":"","background-repeat":"repeat","background-position":"center center","background-size":"auto","background-attachment":"scroll","background-type":"","background-media":"","overlay-type":"","overlay-color":"","overlay-opacity":"","overlay-gradient":""},"tablet":{"background-color":"var(--ast-global-color-4)","background-image":"","background-repeat":"repeat","background-position":"center center","background-size":"auto","background-attachment":"scroll","background-type":"","background-media":"","overlay-type":"","overlay-color":"","overlay-opacity":"","overlay-gradient":""},"mobile":{"background-color":"var(--ast-global-color-4)","background-image":"","background-repeat":"repeat","background-position":"center center","background-size":"auto","background-attachment":"scroll","background-type":"","background-media":"","overlay-type":"","overlay-color":"","overlay-opacity":"","overlay-gradient":""}},"footnotes":""},"categories":[34],"tags":[],"class_list":["post-2567","post","type-post","status-publish","format-standard","has-post-thumbnail","hentry","category-general"],"acf":[],"uagb_featured_image_src":{"full":["https:\/\/educatudinero.com\/wp-content\/uploads\/los-hijos-de-los-boomers-scaled.png",2560,1463,false],"thumbnail":["https:\/\/educatudinero.com\/wp-content\/uploads\/los-hijos-de-los-boomers-300x171.png",300,171,true],"medium":["https:\/\/educatudinero.com\/wp-content\/uploads\/los-hijos-de-los-boomers-800x457.png",800,457,true],"medium_large":["https:\/\/educatudinero.com\/wp-content\/uploads\/los-hijos-de-los-boomers-768x439.png",768,439,true],"large":["https:\/\/educatudinero.com\/wp-content\/uploads\/los-hijos-de-los-boomers-1890x1080.png",1890,1080,true],"1536x1536":["https:\/\/educatudinero.com\/wp-content\/uploads\/los-hijos-de-los-boomers-1536x878.png",1536,878,true],"2048x2048":["https:\/\/educatudinero.com\/wp-content\/uploads\/los-hijos-de-los-boomers-2048x1170.png",2048,1170,true],"woocommerce_thumbnail":["https:\/\/educatudinero.com\/wp-content\/uploads\/los-hijos-de-los-boomers-300x300.png",300,300,true],"woocommerce_single":["https:\/\/educatudinero.com\/wp-content\/uploads\/los-hijos-de-los-boomers-600x343.png",600,343,true],"woocommerce_gallery_thumbnail":["https:\/\/educatudinero.com\/wp-content\/uploads\/los-hijos-de-los-boomers-100x100.png",100,100,true]},"uagb_author_info":{"display_name":"Podcasts ETD","author_link":"https:\/\/educatudinero.com\/ca\/author\/podcast\/"},"uagb_comment_info":0,"uagb_excerpt":"30 anys. Aquesta \u00e9s l\u2019edat mitjana a la qual un jove s\u2019independitza avui a Espanya. Un r\u00e8cord hist\u00f2ric del qual [&hellip;]","_links":{"self":[{"href":"https:\/\/educatudinero.com\/ca\/wp-json\/wp\/v2\/posts\/2567","targetHints":{"allow":["GET"]}}],"collection":[{"href":"https:\/\/educatudinero.com\/ca\/wp-json\/wp\/v2\/posts"}],"about":[{"href":"https:\/\/educatudinero.com\/ca\/wp-json\/wp\/v2\/types\/post"}],"author":[{"embeddable":true,"href":"https:\/\/educatudinero.com\/ca\/wp-json\/wp\/v2\/users\/142"}],"replies":[{"embeddable":true,"href":"https:\/\/educatudinero.com\/ca\/wp-json\/wp\/v2\/comments?post=2567"}],"version-history":[{"count":1,"href":"https:\/\/educatudinero.com\/ca\/wp-json\/wp\/v2\/posts\/2567\/revisions"}],"predecessor-version":[{"id":2568,"href":"https:\/\/educatudinero.com\/ca\/wp-json\/wp\/v2\/posts\/2567\/revisions\/2568"}],"wp:featuredmedia":[{"embeddable":true,"href":"https:\/\/educatudinero.com\/ca\/wp-json\/wp\/v2\/media\/2566"}],"wp:attachment":[{"href":"https:\/\/educatudinero.com\/ca\/wp-json\/wp\/v2\/media?parent=2567"}],"wp:term":[{"taxonomy":"category","embeddable":true,"href":"https:\/\/educatudinero.com\/ca\/wp-json\/wp\/v2\/categories?post=2567"},{"taxonomy":"post_tag","embeddable":true,"href":"https:\/\/educatudinero.com\/ca\/wp-json\/wp\/v2\/tags?post=2567"}],"curies":[{"name":"wp","href":"https:\/\/api.w.org\/{rel}","templated":true}]}}